{"id":226,"date":"2024-03-07T15:25:48","date_gmt":"2024-03-07T15:25:48","guid":{"rendered":"https:\/\/nathaliebekhouche.fr\/?p=226"},"modified":"2024-04-16T13:44:52","modified_gmt":"2024-04-16T13:44:52","slug":"rendre-hommage-a-jacques-anquetil-2017","status":"publish","type":"post","link":"https:\/\/nathaliebekhouche.fr\/?p=226","title":{"rendered":"RENDRE HOMMAGE \u00c0 JACQUES ANQUETIL \u2013 2017"},"content":{"rendered":"\n<div class=\"wp-block-group alignwide is-layout-constrained wp-block-group-is-layout-constrained\"><div class=\"wp-block-group__inner-container\">\n<p class=\"has-light-gray-color has-text-color has-link-color has-small-font-size wp-elements-f8fc8c2a5e6b96c903f08c162ff2e3e5\" style=\"font-style:normal;font-weight:300\">Performance r\u00e9alis\u00e9e sur <em>Hommage \u00e0 Jacques Anquetil <\/em>(m\u00e9tier \u00e0 tisser fabriqu\u00e9 \u00e0 partir d&rsquo;un tr\u00e9teau, fils de coton, clous, pitons, mousquetons et tasseaux pour les lisses, fils de cotons jaune, tasseau et cintre pour le tissage, papier et encre pour le r\u00e9cit perform\u00e9), dur\u00e9e 10 min<\/p>\n\n\n\n<p class=\"has-small-font-size\" style=\"font-style:normal;font-weight:300\">Jacques Anquetil \u00e9tait certes un c\u00e9l\u00e8bre coureur cycliste, mais aussi le parfait homonyme d&rsquo;un tisserand m\u00e9connu, auteur de nombreux livres sur les arts et artisanats textiles du monde entier. <em>Rendre hommage \u00e0 Jacques Anquetil <\/em>est une performance dans laquelle la vie et l&rsquo;\u0153uvre de ce tisserand sont d\u00e9crites \u00e0 travers le champs lexical technique et m\u00e9taphorique du cyclisme. R\u00e9alis\u00e9e sur un m\u00e9tier \u00e0 tisser-sculpture, cette performance tente d&rsquo;entrem\u00ealer texte et textile, et de rendre compte des nombreux liens philosophiques que le cyclisme entretient avec le tissage.<br>En brouillant les fronti\u00e8res entre les deux disciplines et les deux individus, la narration et le geste associ\u00e9s questionnent des concepts plus larges tels que le langage, les r\u00e9f\u00e9rences culturelles, la transmission. <\/p>\n\n\n\n<p class=\"has-small-font-size\" style=\"font-style:normal;font-weight:300\">Vues de l&rsquo;installation <em>Rendre hommage \u00e0 Jacques Anquetil<\/em>, Atelier de l&rsquo;\u00c9ESI, 2017, Poitiers<br>Cr\u00e9dits : Nathalie Bekhouche et Ana\u00efs Marion<\/p>\n\n\n<div class=\"wp-block-image\">\n<figure class=\"aligncenter size-large\"><img loading=\"lazy\" decoding=\"async\" width=\"1024\" height=\"731\" src=\"https:\/\/nathaliebekhouche.fr\/wp-content\/uploads\/2024\/03\/diplome-nath02-min-1024x731.jpg\" alt=\"\" class=\"wp-image-233\" srcset=\"https:\/\/nathaliebekhouche.fr\/wp-content\/uploads\/2024\/03\/diplome-nath02-min-1024x731.jpg 1024w, https:\/\/nathaliebekhouche.fr\/wp-content\/uploads\/2024\/03\/diplome-nath02-min-300x214.jpg 300w, https:\/\/nathaliebekhouche.fr\/wp-content\/uploads\/2024\/03\/diplome-nath02-min-768x549.jpg 768w, https:\/\/nathaliebekhouche.fr\/wp-content\/uploads\/2024\/03\/diplome-nath02-min-1536x1097.jpg 1536w, https:\/\/nathaliebekhouche.fr\/wp-content\/uploads\/2024\/03\/diplome-nath02-min-2048x1463.jpg 2048w, https:\/\/nathaliebekhouche.fr\/wp-content\/uploads\/2024\/03\/diplome-nath02-min-1200x857.jpg 1200w, https:\/\/nathaliebekhouche.fr\/wp-content\/uploads\/2024\/03\/diplome-nath02-min-1860x1329.jpg 1860w\" sizes=\"(max-width: 1024px) 100vw, 1024px\" \/><\/figure><\/div>\n\n<div class=\"wp-block-image\">\n<figure class=\"aligncenter size-large\"><img loading=\"lazy\" decoding=\"async\" width=\"1024\" height=\"731\" src=\"https:\/\/nathaliebekhouche.fr\/wp-content\/uploads\/2024\/03\/diplome-nath04-min-1024x731.jpg\" alt=\"\" class=\"wp-image-269\" srcset=\"https:\/\/nathaliebekhouche.fr\/wp-content\/uploads\/2024\/03\/diplome-nath04-min-1024x731.jpg 1024w, https:\/\/nathaliebekhouche.fr\/wp-content\/uploads\/2024\/03\/diplome-nath04-min-300x214.jpg 300w, https:\/\/nathaliebekhouche.fr\/wp-content\/uploads\/2024\/03\/diplome-nath04-min-768x549.jpg 768w, https:\/\/nathaliebekhouche.fr\/wp-content\/uploads\/2024\/03\/diplome-nath04-min-1536x1097.jpg 1536w, https:\/\/nathaliebekhouche.fr\/wp-content\/uploads\/2024\/03\/diplome-nath04-min-2048x1463.jpg 2048w, https:\/\/nathaliebekhouche.fr\/wp-content\/uploads\/2024\/03\/diplome-nath04-min-1200x857.jpg 1200w, https:\/\/nathaliebekhouche.fr\/wp-content\/uploads\/2024\/03\/diplome-nath04-min-1860x1329.jpg 1860w\" sizes=\"(max-width: 1024px) 100vw, 1024px\" \/><\/figure><\/div>\n\n<div class=\"wp-block-image\">\n<figure class=\"aligncenter size-large\"><img loading=\"lazy\" decoding=\"async\" width=\"1024\" height=\"731\" src=\"https:\/\/nathaliebekhouche.fr\/wp-content\/uploads\/2024\/03\/diplome-nath05-min-1024x731.jpg\" alt=\"\" class=\"wp-image-270\" srcset=\"https:\/\/nathaliebekhouche.fr\/wp-content\/uploads\/2024\/03\/diplome-nath05-min-1024x731.jpg 1024w, https:\/\/nathaliebekhouche.fr\/wp-content\/uploads\/2024\/03\/diplome-nath05-min-300x214.jpg 300w, https:\/\/nathaliebekhouche.fr\/wp-content\/uploads\/2024\/03\/diplome-nath05-min-768x549.jpg 768w, https:\/\/nathaliebekhouche.fr\/wp-content\/uploads\/2024\/03\/diplome-nath05-min-1536x1097.jpg 1536w, https:\/\/nathaliebekhouche.fr\/wp-content\/uploads\/2024\/03\/diplome-nath05-min-2048x1463.jpg 2048w, https:\/\/nathaliebekhouche.fr\/wp-content\/uploads\/2024\/03\/diplome-nath05-min-1200x857.jpg 1200w, https:\/\/nathaliebekhouche.fr\/wp-content\/uploads\/2024\/03\/diplome-nath05-min-1860x1329.jpg 1860w\" sizes=\"(max-width: 1024px) 100vw, 1024px\" \/><\/figure><\/div>\n\n\n<p class=\"has-light-gray-color has-text-color has-link-color has-small-font-size wp-elements-c3c935409f6228abb2529d6f12f90659\" style=\"font-style:normal;font-weight:300\">\u00ab\u00a0Jacques Anquetil na\u00eet dans les ann\u00e9es 20. Rapidement fascin\u00e9 par la m\u00e9canique du rouage il apprend \u00e0 manier les p\u00e9dales et commence \u00e0 voyager autour du monde pour parfaire sa formation et ses connaissances. Jacques devient instantan\u00e9ment une r\u00e9f\u00e9rence dans sa cat\u00e9gorie, se d\u00e9tachant du groupe pour prendre la t\u00eate, multipliant les rencontres, les opportunit\u00e9s et les succ\u00e8s. Il entame par la suite un long tour de France, \u00e0 la recherche du r\u00e9el savoir-faire et la puret\u00e9 du geste, malgr\u00e9 les innovations techniques. Bien qu&rsquo;il y ait beaucoup de m\u00e9canisation, d&rsquo;automatisation, Jacques Anquetil restera fid\u00e8le \u00e0 ses mains et ses pieds pour avancer, dans ces gestes r\u00e9p\u00e9titifs et rotatifs que sa machine lui permettait. C&rsquo;est en janvier dernier que Jacques Anquetil nous quitte et j&rsquo;ai choisi de lui rendre hommage. Tout au long de sa vie il aura d\u00e9fendu un savoir faire unique bien local \u00e0 travers un dispositif qui m\u00eale tradition, communication et diffusion.<\/p>\n\n\n\n<p class=\"has-light-gray-color has-text-color has-link-color has-small-font-size wp-elements-3c936e26920d263e131beaff08ae50b8\" style=\"font-style:normal;font-weight:300\">Mais que reste-t-il de Jacques Anquetil ? Que nous a-t-il r\u00e9ellement transmis ? Ses performances sont grav\u00e9es dans nos m\u00e9moires et sa technique dans les livres. Mais de quelle mani\u00e8re s&rsquo;est-il imprim\u00e9 dans nos souvenirs ? Comment le personnage de Jacques Anquetil s&rsquo;est-il tiss\u00e9 ? Il est des repr\u00e9sentations qui traversent les ann\u00e9es \u00e0 travers des motifs us\u00e9s encore et encore, qui arrivent jusqu&rsquo;\u00e0 nous massivement et qui r\u00e9sonnent sans que nous ne puissions compl\u00e8tement comprendre de quelle mani\u00e8re elles nous sont parvenues. Elles se nouent autour de nos t\u00eates, s&rsquo;accrochent \u00e0 nos bras, nous enveloppant de signes de reconnaissances et de symboles que nous partageons.<\/p>\n\n\n\n<p class=\"has-light-gray-color has-text-color has-link-color has-small-font-size wp-elements-3f4834c24b77c53f3f1c138111bb13d6\" style=\"font-style:normal;font-weight:300\">Ces images semblent planner, compact\u00e9es dans un ensemble dense et cotonneux et donnent la m\u00eame couleur et la m\u00eame m\u00e9t\u00e9o partout, couvrant un territoire immense qui semble sans limite. Jacques Anquetil est dilu\u00e9 dans ce brouillard qui forme un h\u00e9ritage. Il nous renvoie nostalgiquement \u00e0 un pass\u00e9 meilleur que nous n&rsquo;avons pourtant pas connu. Mais il ne faut pas se retourner pour le voir, il suffit de lever la t\u00eate, car il flotte au dessus de nous, si abstrait et uniforme.<\/p>\n\n\n\n<p class=\"has-light-gray-color has-text-color has-link-color has-small-font-size wp-elements-a4908cafa328f48ec01fda9d210231f2\" style=\"font-style:normal;font-weight:300\">Mais le point d&rsquo;accroche se trouve bel et bien derri\u00e8re nous. Que se passerait-il si nous le coupions ? Ses images ne seraient plus qu&rsquo;un tas de ruines et il faudrait alors fouiller parmi ses ruines pour comprendre de quoi elles sont faites. Pourrions nous alors comprendre, par la d\u00e9construction comment Jacques Anquetil meurt, et comment il survit malgr\u00e9 tout ? Comment est-il devenu une ic\u00f4ne, au del\u00e0 du performeur ?<\/p>\n\n\n\n<p class=\"has-light-gray-color has-text-color has-link-color has-small-font-size wp-elements-2506fd1d0fcc730410d6ced6dafb03cb\" style=\"font-style:normal;font-weight:300\">Peut \u00eatre devrions nous \u00eatre attentif aux motifs tiss\u00e9s parmi nous, car c&rsquo;est peut \u00eatre dans leur contexte actuel qu&rsquo;ils r\u00e9v\u00e8lent le mieux leur propre histoire. Et peut \u00eatre pourrions nous saisir la place de Jacques Anquetil dans cette immense tapisserie compos\u00e9e de motifs r\u00e9currents, qui ne cessent pourtant d&rsquo;\u00e9voluer, comme un langage, tout en \u00e9tant toujours les m\u00eames. L&rsquo;histoire n&rsquo;est pas lin\u00e9aire comme un fil, elle est plut\u00f4t cyclique comme la rotation d&rsquo;une roue de v\u00e9lo. Mais des fils imperceptibles nous rattachent pourtant \u00e0 sa trame.<\/p>\n\n\n\n<p class=\"has-light-gray-color has-text-color has-link-color has-small-font-size wp-elements-8b086462e14e7e42d9f5d7a05d9021b0\" style=\"font-style:normal;font-weight:300\">Alors j&rsquo;ai le sentiment qu&rsquo;il ne me reste plus qu&rsquo;\u00e0 ouvrir les yeux et observer ces images qui peuplent notre quotidien, que nous transportons sur nous, que nous emmenons partout, consciemment ou non. Observer la tapisserie contemporaine qui se tisse sous mes yeux inlassablement, dans un mouvement r\u00e9p\u00e9titif, devenue silencieuse dans la mani\u00e8re dont elle se brode et nous amenant aujourd&rsquo;hui \u00e0 tous danser uniform\u00e9ment sur la m\u00eame musique.\u00a0\u00bb<\/p>\n\n\n\n<p class=\"has-light-gray-color has-text-color has-link-color has-small-font-size wp-elements-b5c1e62581ab21fc28bfe6c8c4330540\" style=\"font-style:normal;font-weight:300\">Juin 2017<\/p>\n\n\n<div class=\"wp-block-image\">\n<figure class=\"aligncenter size-large\"><img loading=\"lazy\" decoding=\"async\" width=\"1024\" height=\"678\" src=\"https:\/\/nathaliebekhouche.fr\/wp-content\/uploads\/2024\/03\/DSC_0610R-1024x678.jpg\" alt=\"\" class=\"wp-image-268\" srcset=\"https:\/\/nathaliebekhouche.fr\/wp-content\/uploads\/2024\/03\/DSC_0610R-1024x678.jpg 1024w, https:\/\/nathaliebekhouche.fr\/wp-content\/uploads\/2024\/03\/DSC_0610R-300x199.jpg 300w, https:\/\/nathaliebekhouche.fr\/wp-content\/uploads\/2024\/03\/DSC_0610R-768x509.jpg 768w, https:\/\/nathaliebekhouche.fr\/wp-content\/uploads\/2024\/03\/DSC_0610R-1536x1017.jpg 1536w, https:\/\/nathaliebekhouche.fr\/wp-content\/uploads\/2024\/03\/DSC_0610R-2048x1356.jpg 2048w, https:\/\/nathaliebekhouche.fr\/wp-content\/uploads\/2024\/03\/DSC_0610R-1200x795.jpg 1200w, https:\/\/nathaliebekhouche.fr\/wp-content\/uploads\/2024\/03\/DSC_0610R-1860x1232.jpg 1860w\" sizes=\"(max-width: 1024px) 100vw, 1024px\" \/><\/figure><\/div><\/div><\/div>\n","protected":false},"excerpt":{"rendered":"<p>Performance r\u00e9alis\u00e9e sur Hommage \u00e0 Jacques Anquetil (m\u00e9tier \u00e0 tisser fabriqu\u00e9 \u00e0 partir d&rsquo;un tr\u00e9teau, fils de coton, clous, pitons, mousquetons et tasseaux pour les lisses, fils de cotons jaune, tasseau et cintre pour le tissage, papier et encre pour le r\u00e9cit perform\u00e9), dur\u00e9e 10 min Jacques Anquetil \u00e9tait certes un c\u00e9l\u00e8bre coureur cycliste, mais [&hellip;]<\/p>\n","protected":false},"author":1,"featured_media":248,"comment_status":"closed","ping_status":"closed","sticky":false,"template":"","format":"standard","meta":{"footnotes":""},"categories":[1],"tags":[],"_links":{"self":[{"href":"https:\/\/nathaliebekhouche.fr\/index.php?rest_route=\/wp\/v2\/posts\/226"}],"collection":[{"href":"https:\/\/nathaliebekhouche.fr\/index.php?rest_route=\/wp\/v2\/posts"}],"about":[{"href":"https:\/\/nathaliebekhouche.fr\/index.php?rest_route=\/wp\/v2\/types\/post"}],"author":[{"embeddable":true,"href":"https:\/\/nathaliebekhouche.fr\/index.php?rest_route=\/wp\/v2\/users\/1"}],"replies":[{"embeddable":true,"href":"https:\/\/nathaliebekhouche.fr\/index.php?rest_route=%2Fwp%2Fv2%2Fcomments&post=226"}],"version-history":[{"count":11,"href":"https:\/\/nathaliebekhouche.fr\/index.php?rest_route=\/wp\/v2\/posts\/226\/revisions"}],"predecessor-version":[{"id":392,"href":"https:\/\/nathaliebekhouche.fr\/index.php?rest_route=\/wp\/v2\/posts\/226\/revisions\/392"}],"wp:featuredmedia":[{"embeddable":true,"href":"https:\/\/nathaliebekhouche.fr\/index.php?rest_route=\/wp\/v2\/media\/248"}],"wp:attachment":[{"href":"https:\/\/nathaliebekhouche.fr\/index.php?rest_route=%2Fwp%2Fv2%2Fmedia&parent=226"}],"wp:term":[{"taxonomy":"category","embeddable":true,"href":"https:\/\/nathaliebekhouche.fr\/index.php?rest_route=%2Fwp%2Fv2%2Fcategories&post=226"},{"taxonomy":"post_tag","embeddable":true,"href":"https:\/\/nathaliebekhouche.fr\/index.php?rest_route=%2Fwp%2Fv2%2Ftags&post=226"}],"curies":[{"name":"wp","href":"https:\/\/api.w.org\/{rel}","templated":true}]}}