{"id":666,"date":"2024-04-16T14:01:24","date_gmt":"2024-04-16T14:01:24","guid":{"rendered":"https:\/\/nathaliebekhouche.fr\/?p=666"},"modified":"2024-04-17T10:39:22","modified_gmt":"2024-04-17T10:39:22","slug":"terra-de-encuentro-lugar-de-paso-2022","status":"publish","type":"post","link":"https:\/\/nathaliebekhouche.fr\/?p=666","title":{"rendered":"TERRA DE ENCUENTRO, LUGAR DE PASO \u2013 2022"},"content":{"rendered":"\n<div class=\"wp-block-group alignwide is-layout-constrained wp-block-group-is-layout-constrained\"><div class=\"wp-block-group__inner-container\">\n<p class=\"has-light-gray-color has-text-color has-link-color has-small-font-size wp-elements-753aa67f6f1d83941df0d532bcaf7a0d\" style=\"font-style:normal;font-weight:300\">Edition r\u00e9alis\u00e9e dans le cadre de la r\u00e9sidence itin\u00e9rante de cr\u00e9ation textile des Alliances fran\u00e7aises du Mexique, papier et graphite pour le dessin de premi\u00e8re de couverture<br>Installation r\u00e9alis\u00e9e au Museo Historico de Atlacomulco (impressions noir et blanc sur papier, cimaise en bois)<\/p>\n\n\n\n<p class=\"has-small-font-size\" style=\"font-style:normal;font-weight:300\"><em>Terra de Encuentro, Lugar de Paso<\/em> est pi\u00e8ce une r\u00e9alis\u00e9e dans le cadre de la r\u00e9sidence itin\u00e9rante de cr\u00e9ation textile des Alliances fran\u00e7aises du Mexique.<br>Pens\u00e9 sous la forme d&rsquo;un tissage po\u00e9tique et symbolique, le texte et les images contenus dans cette \u00e9dition mettent en relation les d\u00e9couvertes faites dans les diff\u00e9rents territoires et mus\u00e9es mexicains avec des recherches men\u00e9es dans des lieux de patrimoines officiels et officieux ornais (mus\u00e9es, maisons familiales&#8230;).<br>Au fil de la r\u00e9flexion, le r\u00e9cit d\u00e9voile les liens \u00e9tranges et logiques qui entrem\u00ealent les deux pays, r\u00e9v\u00e9lant ainsi leur pass\u00e9 colonial, industriel et culturel commun. Au del\u00e0 du tissage symbolique, ce texte, accompagn\u00e9 des photographies de recherches, interroge tant les concepts d&rsquo;universalit\u00e9 que de mouvement. <\/p>\n\n\n\n<p class=\"has-small-font-size\" style=\"font-style:normal;font-weight:300\">Vues de l&rsquo;\u00e9dition fabriqu\u00e9e \u00e0 l&rsquo;Alliance fran\u00e7aise de Tlaxcala, 2022, Tlaxcala et de l&rsquo;exposition r\u00e9alis\u00e9e au Museo Historico de Atlacomulco, 2022, Atlacomulco<\/p>\n\n\n\n<div class=\"wp-block-group is-nowrap is-layout-flex wp-container-core-group-layout-1 wp-block-group-is-layout-flex\">\n<figure class=\"wp-block-image size-large\"><img loading=\"lazy\" decoding=\"async\" width=\"768\" height=\"1024\" src=\"https:\/\/nathaliebekhouche.fr\/wp-content\/uploads\/2024\/04\/IMG_20221021_115249-768x1024.jpg\" alt=\"\" class=\"wp-image-667\" srcset=\"https:\/\/nathaliebekhouche.fr\/wp-content\/uploads\/2024\/04\/IMG_20221021_115249-768x1024.jpg 768w, https:\/\/nathaliebekhouche.fr\/wp-content\/uploads\/2024\/04\/IMG_20221021_115249-225x300.jpg 225w, https:\/\/nathaliebekhouche.fr\/wp-content\/uploads\/2024\/04\/IMG_20221021_115249-1152x1536.jpg 1152w, https:\/\/nathaliebekhouche.fr\/wp-content\/uploads\/2024\/04\/IMG_20221021_115249-1536x2048.jpg 1536w, https:\/\/nathaliebekhouche.fr\/wp-content\/uploads\/2024\/04\/IMG_20221021_115249-1200x1600.jpg 1200w, https:\/\/nathaliebekhouche.fr\/wp-content\/uploads\/2024\/04\/IMG_20221021_115249-1860x2480.jpg 1860w, https:\/\/nathaliebekhouche.fr\/wp-content\/uploads\/2024\/04\/IMG_20221021_115249-scaled.jpg 1920w\" sizes=\"(max-width: 768px) 100vw, 768px\" \/><\/figure>\n\n\n\n<figure class=\"wp-block-image size-large\"><img loading=\"lazy\" decoding=\"async\" width=\"769\" height=\"1024\" src=\"https:\/\/nathaliebekhouche.fr\/wp-content\/uploads\/2024\/04\/IMG_20221021_115318-769x1024.jpg\" alt=\"\" class=\"wp-image-668\" srcset=\"https:\/\/nathaliebekhouche.fr\/wp-content\/uploads\/2024\/04\/IMG_20221021_115318-769x1024.jpg 769w, https:\/\/nathaliebekhouche.fr\/wp-content\/uploads\/2024\/04\/IMG_20221021_115318-225x300.jpg 225w, https:\/\/nathaliebekhouche.fr\/wp-content\/uploads\/2024\/04\/IMG_20221021_115318-768x1023.jpg 768w, https:\/\/nathaliebekhouche.fr\/wp-content\/uploads\/2024\/04\/IMG_20221021_115318-1153x1536.jpg 1153w, https:\/\/nathaliebekhouche.fr\/wp-content\/uploads\/2024\/04\/IMG_20221021_115318-1538x2048.jpg 1538w, https:\/\/nathaliebekhouche.fr\/wp-content\/uploads\/2024\/04\/IMG_20221021_115318-1200x1598.jpg 1200w, https:\/\/nathaliebekhouche.fr\/wp-content\/uploads\/2024\/04\/IMG_20221021_115318-1860x2477.jpg 1860w, https:\/\/nathaliebekhouche.fr\/wp-content\/uploads\/2024\/04\/IMG_20221021_115318-scaled.jpg 1922w\" sizes=\"(max-width: 769px) 100vw, 769px\" \/><\/figure>\n<\/div>\n<\/div><\/div>\n\n\n\n<div class=\"wp-block-group alignwide is-layout-constrained wp-block-group-is-layout-constrained\"><div class=\"wp-block-group__inner-container\">\n<p class=\"has-light-gray-color has-text-color has-link-color has-small-font-size wp-elements-10cc841c4cd5f87ef60935fbbfddf73d\" style=\"font-style:normal;font-weight:300\">\u00a0\u00bb El Tejido&nbsp;: Entre territorialidad e itinerancia \/\/ Atlacomulco&nbsp;: Terra de encuentro, lugar de paso<\/p>\n\n\n\n<p class=\"has-light-gray-color has-text-color has-link-color has-small-font-size wp-elements-288ba642f91d04ef91de3e453d3d6397\" style=\"font-style:normal;font-weight:300\">Una de las primeras cosas que llamaron mi atenci\u00f3n en Atlacomulco fue esta frase, escrita en los murales de la Presidencia&nbsp;: \u00ab Atlacomulco : Tierra de encuentro, lugar de paso \u00bb.<br>La primera etapa de mi residencia itinerante en M\u00e9xico fue preguntarme : \u00bfqu\u00e9 significa encontrarse? Me encuentro aqu\u00ed, en Zacatecas \u00bfqu\u00e9 puedo ver? \u00bfcu\u00e1les son las caracter\u00edsticas de este pa\u00eds? no, de esta regi\u00f3n\u2026 no, de esta ciudad\u2026 \u00bfde este lugar? \u00bfd\u00f3nde me encuentro? \u00bfqu\u00e9 encontr\u00e9?<\/p>\n\n\n\n<p class=\"has-light-gray-color has-text-color has-link-color has-small-font-size wp-elements-a9560465951503b0b60a5b7f3651b18d\" style=\"font-style:normal;font-weight:300\">Si pudiera encontrar algunas pistas para explicar estas sencillas preguntas, no pod\u00eda preguntarme otra cosa tan importante de este viaje : el paso. No lo hab\u00eda pensado antes de llegar a Atlacomulco.<br>Me encuentro en alg\u00fan lugar, pero tambi\u00e9n estoy de paso. \u00bfQu\u00e9 significa estar de paso? \u00bfcu\u00e1l es la diferencia entre encontrarse y estar de paso?<br>Encontr\u00e9 una respuesta que me satisfizo en el lenguaje textil aqu\u00ed, en Atlacomulco. Encontr\u00e9 muchas cosas en Atlacomulco. Pero, lo m\u00e1s extra\u00f1o es que encontr\u00e9 mi propia historia en Atlacomulco. Un tejido, en el espacio, y en el tiempo.<br>Una tela espacio-temporal viva.<\/p>\n\n\n\n<p class=\"has-light-gray-color has-text-color has-link-color has-small-font-size wp-elements-89e5b92e6b17d9c5d8bae99897eb70c6\" style=\"font-style:normal;font-weight:300\">Se dice que la historia es una cosa rara. Se divide entre una forma definitiva, concreta y otra m\u00e1s abstracta, indefinible. La primera forma se puede ver f\u00e1cilmente en los museos. La segunda se encuentra en las calles, se lee en los objetos, en las palabras, las costumbres\u2026 Pero, realmente, la segunda forma no tiene textura, no tiene frontera u objetividad.<br>Para entender la historia, antes de tener la capacidad de entender lo que podia ver afuera, visit\u00e9 los museos. La Historia.<br>La primera parte.<\/p>\n\n\n\n<p class=\"has-light-gray-color has-text-color has-link-color has-small-font-size wp-elements-56ca0df434fef38f23de9e8977d73221\" style=\"font-style:normal;font-weight:300\">El Museo de Antropolog\u00eda e Historia del Estado de M\u00e9xico, ubicado en Toluca y el Museo Hist\u00f3rico de Atlacomulco nos cuentan la historia de manera lineal. El tiempo se desarrolla, la humanidad se construye. De la Tierra al cielo.<br>Desde la Tierra, construyeron el Cielo.<\/p>\n\n\n\n<p class=\"has-light-gray-color has-text-color has-link-color has-small-font-size wp-elements-a299384336c90082d3a3af15d6d147cd\" style=\"font-style:normal;font-weight:300\">Esta historia me pareci\u00f3 familiar\u2026 Ten\u00eda la impresi\u00f3n de que alguien ya me la hab\u00eda contado, varias veces. Ten\u00eda el sentimiento de que esta historia era la m\u00eda tambi\u00e9n. Pero, no soy \u00ab de aqu\u00ed \u00bb \u00bfde d\u00f3nde soy?<br>El gu\u00eda de Toluca me repiti\u00f3 siempre \u00ab hablamos de la humanidad, construimos la humanidad \u00bb. Soy humana, soy de la tierra tambi\u00e9n. Entend\u00ed\u2026<\/p>\n\n\n\n<p class=\"has-light-gray-color has-text-color has-link-color has-small-font-size wp-elements-45c6b0419d729ee76ff2acb0d201e688\" style=\"font-style:normal;font-weight:300\">Afuera \u00bfqu\u00e9 encontr\u00e9? \u00bfqu\u00e9 pod\u00eda encontrar? \u00bfentender? \u00bfalcanzar?<\/p>\n\n\n\n<p class=\"has-light-gray-color has-text-color has-link-color has-small-font-size wp-elements-7b51b70082b0f8c4724d4d5249188da4\" style=\"font-style:normal;font-weight:300\">Los textiles que vi en los museos se encontraban tambi\u00e9n en la calle, afuera, \u00ab en la vida \u00bb. Los mismos materiales, los mismos colores, los mismos dise\u00f1os. \u00bfde d\u00f3nde vienen? \u00bfc\u00f3mo se transmitieron? no pod\u00eda encontrar las respuestas\u2026 Estos dise\u00f1os tambi\u00e9n me parec\u00edan familiar, estos gestos tambi\u00e9n me parec\u00edan familiar\u2026<br>\u00bfQu\u00e9 significa tejer? \u00bfqu\u00e9 significa encontrar? \u00bfqu\u00e9 significa estar de paso?<\/p>\n\n\n\n<p class=\"has-light-gray-color has-text-color has-link-color has-small-font-size wp-elements-e2afd20ac23b175a5b89f6ab05662b10\" style=\"font-style:normal;font-weight:300\">Aunque algunas de las tejedoras no sab\u00edan hablar de los dise\u00f1os, o tal vez, no quer\u00edan, una de ellas nos transmiti\u00f3 los s\u00edmbolos, el significado de los colores y formas. Ten\u00eda mucho que ver con una visi\u00f3n subjetiva, religiosa, cosmog\u00f3nica. \u00ab No se leer, no se escribir. Los dise\u00f1os textiles son mi idioma, son mis palabras. \u00bb<br>La entend\u00ed. Comparto.<br>Los dise\u00f1os textiles nos cuentan historias. Nos dan informaci\u00f3n valiosa sobre el desarrollo humano, su constante movimiento.<br>El movimiento vital.<\/p>\n\n\n\n<p class=\"has-light-gray-color has-text-color has-link-color has-small-font-size wp-elements-83f33faf64ef72a23234859b5d0cc823\" style=\"font-style:normal;font-weight:300\">Me encuentro aqu\u00ed para hablar de la territorialidad y de la itinerancia. Los dise\u00f1os textiles y los \u201csavoir-faire\u201d (saber hacer) aqu\u00ed tambi\u00e9n hablan de territorialidad y de itinerancia. \u00bfC\u00f3mo?<br>Pregunt\u00e9.<br>\u00ab \u00bfC\u00f3mo se llama esta tela?<br>&#8211; Yakar<br>&#8211; \u00bfJacquard?<br>&#8211; S\u00ed. Para hacer la falda tradicional. \u00bb<\/p>\n\n\n\n<p class=\"has-light-gray-color has-text-color has-link-color has-small-font-size wp-elements-c607e7c7e2dc86809690d5aeadc640bb\" style=\"font-style:normal;font-weight:300\">Jacquard\u2026.<br>Se dice que Jacquard no solo invento la primera m\u00e1quina mec\u00e1nica, sino que permiti\u00f3 la tercera revoluci\u00f3n masiva: la industrializaci\u00f3n.<br>Desde este punto, me parec\u00eda que la humanidad empezaba a formar una maza uniforme, caminando a la misma velocidad, en la misma direcci\u00f3n. Me parec\u00eda que la humanidad era un coraz\u00f3n latiendo al un\u00edsono.<br>Desde este momento, los objetos empezaron a viajar m\u00e1s r\u00e1pidamente, en todas partes del mundo.<br>La cultura se estandariz\u00f3.<\/p>\n\n\n\n<p class=\"has-light-gray-color has-text-color has-link-color has-small-font-size wp-elements-d072af4cd15bcb78ac0bda66eebaaf58\" style=\"font-style:normal;font-weight:300\">Pero\u2026 \u00bfpodemos, realmente, afirmarlo? no\u2026 no lo s\u00e9.<br>Quiz\u00e1s los objetos son tejidos m\u00e1s complejos, m\u00e1s espec\u00edficos.<br>Quiz\u00e1s, los territorios son espacios concretos donde las cosas se mezclan.<br>Quiz\u00e1s, no podemos comparar, solo compartir\u2026<\/p>\n\n\n\n<p class=\"has-light-gray-color has-text-color has-link-color has-small-font-size wp-elements-ac60a210526d26dfd9e539442769896f\" style=\"font-style:normal;font-weight:300\">Quiz\u00e1s ciertas cosas tienen v\u00ednculos secretos sin poder explicarlos.<br>Quiz\u00e1s contar la historia de un lugar espec\u00edfico ayuda a contar una historia m\u00e1s universal. Ayuda a compartir, a tejer v\u00ednculos.<br>Quiz\u00e1s el parecido de ciertos \u201csavoir-faire\u201d (saber hacer), ciertas costumbres ayudan a formar estos v\u00ednculos humanos.<br>Quiz\u00e1s la fuerza y la violencia tambi\u00e9n\u2026<\/p>\n\n\n\n<p class=\"has-light-gray-color has-text-color has-link-color has-small-font-size wp-elements-953b2f2bc7bf5421d4de7c74e1db91b8\" style=\"font-style:normal;font-weight:300\">Pero\u2026<br>Me gusta pensar que los textiles y los \u201csavoir-faire\u201d son lugares donde las cosas se encuentran. Tambi\u00e9n me gusta pensar que son lugares donde las cosas est\u00e1n de paso. Y entonces, como un idioma vivo, evolucionan con los humanos que lo hablan.<br>Es lo que entend\u00ed, en Atlacomulco, Tierra de encuentro, lugar de paso. Siempre en movimiento.<br>Como lo que entiendo. Como lo que pienso. Como lo que tejo.<br>Siempre, en movimiento.\u00a0\u00bb<\/p>\n\n\n\n<p class=\"has-light-gray-color has-text-color has-link-color has-small-font-size wp-elements-8d843ca941f9eca70f72ee46e3676136\" style=\"font-style:normal;font-weight:300\">Atlacomulco, Oct. 2022<\/p>\n\n\n\n<p class=\"has-light-gray-color has-text-color has-link-color has-small-font-size wp-elements-42b8e660682e793d04d544cb9b7a426b\" style=\"font-style:normal;font-weight:300\">Nathalie Bekhouche<br>correcci\u00f3n de pruebas&nbsp;: Maricel Nicolas Lara<\/p>\n\n\n<div class=\"wp-block-image\">\n<figure class=\"aligncenter size-large\"><img loading=\"lazy\" decoding=\"async\" width=\"1024\" height=\"683\" src=\"https:\/\/nathaliebekhouche.fr\/wp-content\/uploads\/2024\/04\/IMG_20221006_114952-1024x683.jpg\" alt=\"\" class=\"wp-image-670\" srcset=\"https:\/\/nathaliebekhouche.fr\/wp-content\/uploads\/2024\/04\/IMG_20221006_114952-1024x683.jpg 1024w, https:\/\/nathaliebekhouche.fr\/wp-content\/uploads\/2024\/04\/IMG_20221006_114952-300x200.jpg 300w, https:\/\/nathaliebekhouche.fr\/wp-content\/uploads\/2024\/04\/IMG_20221006_114952-768x512.jpg 768w, https:\/\/nathaliebekhouche.fr\/wp-content\/uploads\/2024\/04\/IMG_20221006_114952-1536x1024.jpg 1536w, https:\/\/nathaliebekhouche.fr\/wp-content\/uploads\/2024\/04\/IMG_20221006_114952-2048x1366.jpg 2048w, https:\/\/nathaliebekhouche.fr\/wp-content\/uploads\/2024\/04\/IMG_20221006_114952-1200x800.jpg 1200w, https:\/\/nathaliebekhouche.fr\/wp-content\/uploads\/2024\/04\/IMG_20221006_114952-1860x1240.jpg 1860w\" sizes=\"(max-width: 1024px) 100vw, 1024px\" \/><\/figure><\/div><\/div><\/div>\n\n\n\n<figure class=\"wp-block-image alignwide size-large\"><img loading=\"lazy\" decoding=\"async\" width=\"1024\" height=\"683\" src=\"https:\/\/nathaliebekhouche.fr\/wp-content\/uploads\/2024\/04\/IMG_20221007_101149-1024x683.jpg\" alt=\"\" class=\"wp-image-671\" srcset=\"https:\/\/nathaliebekhouche.fr\/wp-content\/uploads\/2024\/04\/IMG_20221007_101149-1024x683.jpg 1024w, https:\/\/nathaliebekhouche.fr\/wp-content\/uploads\/2024\/04\/IMG_20221007_101149-300x200.jpg 300w, https:\/\/nathaliebekhouche.fr\/wp-content\/uploads\/2024\/04\/IMG_20221007_101149-768x512.jpg 768w, https:\/\/nathaliebekhouche.fr\/wp-content\/uploads\/2024\/04\/IMG_20221007_101149-1536x1024.jpg 1536w, https:\/\/nathaliebekhouche.fr\/wp-content\/uploads\/2024\/04\/IMG_20221007_101149-2048x1365.jpg 2048w, https:\/\/nathaliebekhouche.fr\/wp-content\/uploads\/2024\/04\/IMG_20221007_101149-1200x800.jpg 1200w, https:\/\/nathaliebekhouche.fr\/wp-content\/uploads\/2024\/04\/IMG_20221007_101149-1860x1240.jpg 1860w\" sizes=\"(max-width: 1024px) 100vw, 1024px\" \/><\/figure>\n","protected":false},"excerpt":{"rendered":"<p>Edition r\u00e9alis\u00e9e dans le cadre de la r\u00e9sidence itin\u00e9rante de cr\u00e9ation textile des Alliances fran\u00e7aises du Mexique, papier et graphite pour le dessin de premi\u00e8re de couvertureInstallation r\u00e9alis\u00e9e au Museo Historico de Atlacomulco (impressions noir et blanc sur papier, cimaise en bois) Terra de Encuentro, Lugar de Paso est pi\u00e8ce une r\u00e9alis\u00e9e dans le cadre [&hellip;]<\/p>\n","protected":false},"author":1,"featured_media":669,"comment_status":"closed","ping_status":"closed","sticky":false,"template":"","format":"standard","meta":{"footnotes":""},"categories":[1],"tags":[],"_links":{"self":[{"href":"https:\/\/nathaliebekhouche.fr\/index.php?rest_route=\/wp\/v2\/posts\/666"}],"collection":[{"href":"https:\/\/nathaliebekhouche.fr\/index.php?rest_route=\/wp\/v2\/posts"}],"about":[{"href":"https:\/\/nathaliebekhouche.fr\/index.php?rest_route=\/wp\/v2\/types\/post"}],"author":[{"embeddable":true,"href":"https:\/\/nathaliebekhouche.fr\/index.php?rest_route=\/wp\/v2\/users\/1"}],"replies":[{"embeddable":true,"href":"https:\/\/nathaliebekhouche.fr\/index.php?rest_route=%2Fwp%2Fv2%2Fcomments&post=666"}],"version-history":[{"count":2,"href":"https:\/\/nathaliebekhouche.fr\/index.php?rest_route=\/wp\/v2\/posts\/666\/revisions"}],"predecessor-version":[{"id":681,"href":"https:\/\/nathaliebekhouche.fr\/index.php?rest_route=\/wp\/v2\/posts\/666\/revisions\/681"}],"wp:featuredmedia":[{"embeddable":true,"href":"https:\/\/nathaliebekhouche.fr\/index.php?rest_route=\/wp\/v2\/media\/669"}],"wp:attachment":[{"href":"https:\/\/nathaliebekhouche.fr\/index.php?rest_route=%2Fwp%2Fv2%2Fmedia&parent=666"}],"wp:term":[{"taxonomy":"category","embeddable":true,"href":"https:\/\/nathaliebekhouche.fr\/index.php?rest_route=%2Fwp%2Fv2%2Fcategories&post=666"},{"taxonomy":"post_tag","embeddable":true,"href":"https:\/\/nathaliebekhouche.fr\/index.php?rest_route=%2Fwp%2Fv2%2Ftags&post=666"}],"curies":[{"name":"wp","href":"https:\/\/api.w.org\/{rel}","templated":true}]}}